{"id":316,"date":"2015-09-04T18:28:04","date_gmt":"2015-09-04T18:28:04","guid":{"rendered":"http:\/\/sperzelhp.eu\/?p=316"},"modified":"2019-01-09T14:13:10","modified_gmt":"2019-01-09T14:13:10","slug":"das-geplatzte-seminar","status":"publish","type":"post","link":"https:\/\/hpsperzel.de\/?p=316","title":{"rendered":"Das geplatzte Seminar"},"content":{"rendered":"<p>Es ist schon seltsam! Ein geplatzter Seminartermin, und die Notwendigkeit, den beantragten und noch ausstehenden Urlaub zu nehmen, und ein sehr oft gehegter Wunsch, Zeit f\u00fcr sich zu haben, nicht arbeiten zu m\u00fcssen und ganz aus der Pflicht zu sein, erf\u00fcllt sich f\u00fcr gut Drei\u00dfig Tage. Und seltsam daran ist, dass es sich ganz anders darstellt, als die naive Phantasie sich das so dachte.<br \/>\n<!--more-->Ja klar, ausschlafen, nach drei Tagen ist das erledigt, die vor sich hergeschobenen Erledigungen t\u00e4tigen, nach f\u00fcnf Tagen sind sie vollbracht, den Haushalt in Ordnung bringen und den Schreibtisch aufr\u00e4umen, ganze zwei Tage hat das gedauert, und alles, was wichtig erschien, l\u00f6ste sich schon bald auf. Und dann kommt die Leere, und der unruhige Geist sucht nach Besch\u00e4ftigung, und diese Besch\u00e4ftigung, und das ist seltsam, soll sich nur in Handeln ausdr\u00fccken, in Tun. Ich dachte, jetzt ist es soweit, jetzt, wo alles erledigt ist, wo ich ausgeschlafen bin und nichts mich dr\u00e4ngt, ja jetzt kann ich mich mit dem besch\u00e4ftigen, was ich sonst aus Ersch\u00f6pfung nicht konnte: Jaspers, Kant, Spiritualit\u00e4t&#8230; Nichts dergleichen geschieht, der Geist verlangt Handeln, und er sucht nach diesem. Der Kauf von etwas, was in Gedanken folgerichtig und vern\u00fcnftig ins neue Jahr verschoben werden sollte, taucht immer wieder auf, und ich ertappe mich bei dem Gedanken: \u201eJetzt hole ich es&#8230;\u201c. Und trotz des Wissens, dass gerade jetzt in dieser hektischen Zeit Freunde und Bekannte keine Zeit f\u00fcr mich haben k\u00f6nnen, weil sie arbeiten m\u00fcssen, weil Weihnachten vor der T\u00fcr steht, Jahresende ist, ertappe ich mich bei dem Gedanken: \u201eJetzt ruf doch an&#8230; oder schreibe eine Mail&#8230; oder fahre hin&#8230;\u201c. Und das Buch von Jaspers, kaum aufgeschlagen, wandert zur\u00fcck ins Regal. Und der Drang, zu tun, treibt mich durch die Wohnung, und das Bild des eingesperrten Pumas aus dem Opel-Zoo taucht in mir auf, der seinen K\u00e4fig abschreitet und nicht versteht, weshalb und warum diese Gitter ihn beschr\u00e4nken.<\/p>\n<p>&nbsp;<\/p>\n<p>Auf einem Meditationsseminar wollte ich jetzt sein, zehn Tage der Stille, der Zur\u00fcckgezogenheit und der Selbstreflektion wollte ich dort erleben, wo ich schon einmal war und wo dies ganz leicht ist, hinter den Mauern eines Klosters und in einem genau geregelten Tagesablauf. F\u00fcnfzig Menschen bilden eine Gruppe, in der jeder f\u00fcr sich allein eine vollkommen durchplante Zeit erlebt, sich in einem vollkommen gesch\u00fctzten Rahmen bewegt. Mein Gott, wie wenig hat das doch mit der Wirklichkeit zu tun. Auch hier Zuhause habe ich die Stille, kann ich zur\u00fcckgezogen sein und einen geregelten Tagesablauf gestalten. Nur die Dynamik der Gruppe scheint hier zu fehlen, der gesch\u00fctzte Rahmen der Institution, die mich betreut, fehlt&#8230;. Aber das kann doch nicht alles sein, denn all das ist nicht wesentlich oder Zuhause nicht notwendig. Ich lebe allein, niemand st\u00f6rt mich, der K\u00fchlschrank ist voll, und B\u00fccher gibt es in H\u00fclle und F\u00fclle, und viele sind darunter, die ich mir gerade f\u00fcr solche Tage angeschafft habe. Auch hier kann ich den Alltag ausschlie\u00dfen, mir einen Plan machen, und&#8230; Also was ist es, was wirklich fehlt hier Zuhause, oder was ist hier, was dort im Kloster nicht ist?<\/p>\n<p>&nbsp;<\/p>\n<p>Dies zu erkennen, hat lange gedauert, fast schon zu lange, f\u00fcnf lange aufregende Tage waren dazu notwendig: Der geregelte Tagesablauf und der gesch\u00fctzte Rahmen nimmt dem Eingebundenen nur dies eine: n\u00e4mlich seine eigene pers\u00f6nliche Freiheit. Die Freiheit, zu gestalten, zu ver\u00e4ndern, sich anders auszurichten oder etwas ganz anderes zu tun, als das, was vorgegeben ist oder vorgegeben sein sollte. Das letztlich ist das, was Zuhause m\u00f6glich ist und dort nicht. Und diese Freiheit \u00e4u\u00dfert sich in dem Drang, zu handeln, dem Drang zu schreiben, zu kaufen, zu besorgen, zu erledigen , umzur\u00e4umen, anzustreichen, noch dies zu&#8230; noch das zu&#8230; und weiter zu&#8230; Einfach nicht zu handeln, obwohl ich k\u00f6nnte, einfach zu sein -und genau das w\u00e4re notwendig daf\u00fcr, die Gedanken eines anderen zu verstehen, ihm ganz zuzuh\u00f6ren, ihn ganz aufzunehmen, ihn ganz zu Ende erz\u00e4hlen zu lassen-, ja, das genau w\u00e4re die Voraussetzung, um Jaspers lesen zu k\u00f6nnen, Kant lesen zu k\u00f6nnen und auch, um in dieser Zeit spirituell sein zu k\u00f6nnen.<\/p>\n<p>&nbsp;<\/p>\n<p>Wie wenig sind doch in der Lage, unser eigenes kleines Leben in Freiheit zu gestalten. Sich einfach hinsetzen, die Welt, also das Gewesene und das Sein-Sollen f\u00fcr ein paar Stunden nur zu vergessen, um in den Gedanken eines anderen zu baden, wenn schon dies schwer ist, wie schwer mag es dann sein, zu ver\u00e4ndern, was Vergangenheit und anderes uns aufgeladen haben. Wenn f\u00fcnf Tage notwendig sind, um dieses einfache, wirklich simple Prinzip zu verstehen, wie steht es dann um all die anderen, viel komplizierter uns erscheinenden Dinge? Wieviel Tage werden wir wohl dazu brauchen, zu erkennen, welches Prinzip uns hierhin und dorthin treibt? Und eines erscheint mir jetzt klar und deutlich: Nicht allein die \u00dcbungen im gesch\u00fctzten Rahmen bringen uns voran, sondern erst die \u00dcbertragungen der \u00dcbungsinhalte in den Alltag sind es, die letztlich zur Einsicht f\u00fchren. Beide sind notwendig, um zu erkennen, denn der gesch\u00fctzte Rahmen bildet nur den Anfang, den Impuls, das \u00dcbertragen aber in die Allt\u00e4glichkeit bildet den Schritt, der uns vorangehen l\u00e4\u00dft, und nur so wird letztlich ein Schuh daraus. Und so lehrt das geplatzte Seminar, was das Seminar selbst mich nicht lehren k\u00f6nnte: Allt\u00e4glichkeiten zu erkennen und sie auch zu leben.<\/p>\n<div class=\"pdfprnt-buttons pdfprnt-buttons-post pdfprnt-bottom-right\"><a href=\"https:\/\/hpsperzel.de\/index.php?rest_route=%2Fwp%2Fv2%2Fposts%2F316&print=pdf\" class=\"pdfprnt-button pdfprnt-button-pdf\" target=\"_blank\" ><img decoding=\"async\" src=\"https:\/\/hpsperzel.de\/wp-content\/plugins\/pdf-print\/images\/pdf.png\" alt=\"image_pdf\" title=\"PDF anzeigen\" \/><\/a><a href=\"https:\/\/hpsperzel.de\/index.php?rest_route=%2Fwp%2Fv2%2Fposts%2F316&print=print\" class=\"pdfprnt-button pdfprnt-button-print\" target=\"_blank\" ><img decoding=\"async\" src=\"https:\/\/hpsperzel.de\/wp-content\/plugins\/pdf-print\/images\/print.png\" alt=\"image_print\" title=\"Inhalt drucken\" \/><\/a><\/div><div class=\"shariff shariff-align-left shariff-widget-align-left\" data-services=\"facebook\" data-url=\"https:\/\/hpsperzel.de\/?p=316\" data-timestamp=\"1547043190\" data-backendurl=\"?rest_route=\/shariff\/v1\/share_counts&\"><ul class=\"shariff-buttons theme-round orientation-horizontal buttonsize-small\"><li class=\"shariff-button twitter shariff-nocustomcolor\" style=\"background-color:#595959\"><a href=\"https:\/\/twitter.com\/share?url=https%3A%2F%2Fhpsperzel.de%2F%3Fp%3D316&text=Das%20geplatzte%20Seminar\" title=\"Bei X teilen\" aria-label=\"Bei X teilen\" role=\"button\" rel=\"noopener nofollow\" class=\"shariff-link\" style=\"; background-color:#000; color:#fff\" target=\"_blank\"><span class=\"shariff-icon\" style=\"\"><svg width=\"32px\" height=\"20px\" xmlns=\"http:\/\/www.w3.org\/2000\/svg\" viewBox=\"0 0 24 24\"><path fill=\"#000\" d=\"M14.258 10.152L23.176 0h-2.113l-7.747 8.813L7.133 0H0l9.352 13.328L0 23.973h2.113l8.176-9.309 6.531 9.309h7.133zm-2.895 3.293l-.949-1.328L2.875 1.56h3.246l6.086 8.523.945 1.328 7.91 11.078h-3.246zm0 0\"\/><\/svg><\/span><\/a><\/li><li class=\"shariff-button facebook shariff-nocustomcolor\" style=\"background-color:#4273c8\"><a href=\"https:\/\/www.facebook.com\/sharer\/sharer.php?u=https%3A%2F%2Fhpsperzel.de%2F%3Fp%3D316\" title=\"Bei Facebook teilen\" aria-label=\"Bei Facebook teilen\" role=\"button\" rel=\"nofollow\" class=\"shariff-link\" style=\"; background-color:#3b5998; color:#fff\" target=\"_blank\"><span class=\"shariff-icon\" style=\"\"><svg width=\"32px\" height=\"20px\" xmlns=\"http:\/\/www.w3.org\/2000\/svg\" viewBox=\"0 0 18 32\"><path fill=\"#3b5998\" d=\"M17.1 0.2v4.7h-2.8q-1.5 0-2.1 0.6t-0.5 1.9v3.4h5.2l-0.7 5.3h-4.5v13.6h-5.5v-13.6h-4.5v-5.3h4.5v-3.9q0-3.3 1.9-5.2t5-1.8q2.6 0 4.1 0.2z\"\/><\/svg><\/span><span data-service=\"facebook\" style=\"color:#3b5998\" class=\"shariff-count shariff-hidezero\"><\/span>&nbsp;<\/a><\/li><\/ul><\/div>","protected":false},"excerpt":{"rendered":"<p>Ein sehr oft gehegter Wunsch, Zeit f\u00fcr sich zu haben, nicht arbeiten zu m\u00fcssen und ganz aus der Pflicht zu sein, erf\u00fcllt sich f\u00fcr gut Drei\u00dfig Tage.<\/p>\n","protected":false},"author":1,"featured_media":620,"comment_status":"open","ping_status":"open","sticky":false,"template":"","format":"standard","meta":{"footnotes":"","_links_to":"","_links_to_target":""},"categories":[27],"tags":[],"class_list":["post-316","post","type-post","status-publish","format-standard","has-post-thumbnail","hentry","category-erleben"],"_links":{"self":[{"href":"https:\/\/hpsperzel.de\/index.php?rest_route=\/wp\/v2\/posts\/316","targetHints":{"allow":["GET"]}}],"collection":[{"href":"https:\/\/hpsperzel.de\/index.php?rest_route=\/wp\/v2\/posts"}],"about":[{"href":"https:\/\/hpsperzel.de\/index.php?rest_route=\/wp\/v2\/types\/post"}],"author":[{"embeddable":true,"href":"https:\/\/hpsperzel.de\/index.php?rest_route=\/wp\/v2\/users\/1"}],"replies":[{"embeddable":true,"href":"https:\/\/hpsperzel.de\/index.php?rest_route=%2Fwp%2Fv2%2Fcomments&post=316"}],"version-history":[{"count":1,"href":"https:\/\/hpsperzel.de\/index.php?rest_route=\/wp\/v2\/posts\/316\/revisions"}],"predecessor-version":[{"id":519,"href":"https:\/\/hpsperzel.de\/index.php?rest_route=\/wp\/v2\/posts\/316\/revisions\/519"}],"wp:featuredmedia":[{"embeddable":true,"href":"https:\/\/hpsperzel.de\/index.php?rest_route=\/wp\/v2\/media\/620"}],"wp:attachment":[{"href":"https:\/\/hpsperzel.de\/index.php?rest_route=%2Fwp%2Fv2%2Fmedia&parent=316"}],"wp:term":[{"taxonomy":"category","embeddable":true,"href":"https:\/\/hpsperzel.de\/index.php?rest_route=%2Fwp%2Fv2%2Fcategories&post=316"},{"taxonomy":"post_tag","embeddable":true,"href":"https:\/\/hpsperzel.de\/index.php?rest_route=%2Fwp%2Fv2%2Ftags&post=316"}],"curies":[{"name":"wp","href":"https:\/\/api.w.org\/{rel}","templated":true}]}}